{"id":4147,"date":"2022-05-06T15:41:33","date_gmt":"2022-05-06T20:41:33","guid":{"rendered":"https:\/\/educacioncontinua.pascualbravo.edu.co\/?p=4147"},"modified":"2022-05-09T15:50:18","modified_gmt":"2022-05-09T20:50:18","slug":"la-unidad-de-educacion-continua-certifico-docentes-de-medellin-en-cursos-con-enfoque-serstem","status":"publish","type":"post","link":"https:\/\/educacioncontinua.pascualbravo.edu.co\/?p=4147","title":{"rendered":"La Unidad de Educaci\u00f3n Continua certific\u00f3 docentes de Medell\u00edn en cursos con enfoque SER+STEM"},"content":{"rendered":"<p><img decoding=\"async\" class=\"alignnone size-medium wp-image-4346\" src=\"https:\/\/educacioncontinua.pascualbravo.edu.co\/wp-content\/uploads\/2022\/05\/Banner_Certificacion.jpg\" alt=\"\" width=\"100%\" height=\"auto\" \/><\/p>\n<p><i><span style=\"font-weight: 400;\">\u201cActualmente estamos preparando a nuestros estudiantes para que se desempe\u00f1en en trabajos que a\u00fan no existen, en los que tendr\u00e1n que usar tecnolog\u00edas que a\u00fan no han sido inventadas para resolver problemas que a\u00fan no tenemos\u201d Karl Fish<\/span><\/i><\/p>\n<p>En el marco del acuerdo suscrito entre la Instituci\u00f3n Universitaria Pascual Bravo, la Secretar\u00eda de Educaci\u00f3n de Medell\u00edn y la Organizaci\u00f3n de Estados Americanos \u2013 OEA \u2013 cuyo prop\u00f3sito fue aunar esfuerzos para desarrollar los procesos de formaci\u00f3n virtual, mediante tres cursos tipo NOOC (Nano-MOOC), autogestionables en temas como: Habilidades del siglo XXI, Liderazgo y capital social, y Cuarta Revoluci\u00f3n Industrial 4.0. Alrededor de 400 docentes de Media T\u00e9cnica, de los grados 10\u00ba y 11\u00ba participaron y se certificaron en cursos con enfoque SER+STEM (ciencia, tecnolog\u00eda, ingenier\u00eda y matem\u00e1ticas).<\/p>\n<p>Los cursos tipo NOOC fueron creados por la Unidad de Educaci\u00f3n Digital y la Escuela de Talento 4.0, y certificados por la Unidad de Educaci\u00f3n Continua de la Instituci\u00f3n Universitaria Pascual Bravo. Durante este proceso, Patricia Moraes, coordinadora de la Red Interamericana de Formaci\u00f3n Docente (RIED) de la Organizaci\u00f3n de los Estados Americanos &#8211; OEA, Gianny Rozo, director del Vivero del Software de la Secretar\u00eda de Educaci\u00f3n, Karol Forero P\u00e1ez, directora de Extensi\u00f3n y Proyecci\u00f3n Social de la I.U. Pascual Bravo y docentes l\u00edderes de la Escuela de Talento 4.0 supervisaron este proceso formativo y motivaron la culminaci\u00f3n exitosa del mismo.<\/p>\n<p>En el cierre del evento estuvo como invitado especial Luis Fernando Correa Calle, qui\u00e9n a trav\u00e9s de la conferencia: competencias digitales docentes para la educaci\u00f3n b\u00e1sica y media, comparti\u00f3 su experiencia y conocimientos para quienes hoy est\u00e1n al servicio de la educaci\u00f3n tecnol\u00f3gica, para contribuir al logro de metas, tanto profesionales como laborales.<br \/>\n\u201cLas tecnolog\u00edas digitales est\u00e1n asociadas con la interacci\u00f3n que tienen las personas, unas con otras, por ello, el papel del docente frente a las TIC es seguir reflexionado sobre c\u00f3mo mejorar los procesos que ocurren el aula y c\u00f3mo ayudar a que los estudiantes est\u00e9n en condiciones de salir a enfrentar los retos que nos est\u00e1 planteando este nuevo mundo que est\u00e1 cambiando todos los d\u00edas\u201d, as\u00ed lo expresa, Luis Fernando Calle.<\/p>\n<p>Este ciclo formativo brind\u00f3 conocimientos pertinentes y actualizados a los docentes certificados para aplicar las herramientas digitales en la educaci\u00f3n de los j\u00f3venes de la ciudad y regi\u00f3n. \u201cEl cambio empieza en el aula, primero es la dimensi\u00f3n del ser y luego, por supuesto, el ecosistema STEM. Pero el motor que moviliza todo eso es el SER\u201d, sostiene Gianny Rozo, director del Vivero del Software.<\/p>\n<p>Vanessa Monsalve<br \/>\nCoordinaci\u00f3n Educaci\u00f3n Continua<\/p>\n","protected":false},"excerpt":{"rendered":"<p>\u201cActualmente estamos preparando a nuestros estudiantes para que se desempe\u00f1en en trabajos que a\u00fan no existen, en los que tendr\u00e1n que usar tecnolog\u00edas que a\u00fan no han sido inventadas para resolver problemas que a\u00fan no tenemos\u201d Karl Fish En el marco del acuerdo suscrito entre la Instituci\u00f3n Universitaria Pascual Bravo, la Secretar\u00eda de Educaci\u00f3n de [&hellip;]<\/p>\n","protected":false},"author":1,"featured_media":4312,"comment_status":"closed","ping_status":"closed","sticky":false,"template":"","format":"standard","meta":{"_acf_changed":false,"footnotes":""},"categories":[19],"tags":[],"acf":[],"yoast_head":"<!-- This site is optimized with the Yoast SEO plugin v22.9 - https:\/\/yoast.com\/wordpress\/plugins\/seo\/ -->\n<title>La Unidad de Educaci\u00f3n Continua certific\u00f3 docentes de Medell\u00edn en cursos con enfoque SER+STEM - Unidad de Educaci\u00f3n Continua - I.U. Pascual Bravo<\/title>\n<meta name=\"robots\" content=\"index, follow, max-snippet:-1, max-image-preview:large, max-video-preview:-1\" \/>\n<link rel=\"canonical\" href=\"https:\/\/educacioncontinua.pascualbravo.edu.co\/?p=4147\" \/>\n<meta property=\"og:locale\" content=\"es_ES\" \/>\n<meta property=\"og:type\" content=\"article\" \/>\n<meta property=\"og:title\" content=\"La Unidad de Educaci\u00f3n Continua certific\u00f3 docentes de Medell\u00edn en cursos con enfoque SER+STEM - Unidad de Educaci\u00f3n Continua - I.U. Pascual Bravo\" \/>\n<meta property=\"og:description\" content=\"\u201cActualmente estamos preparando a nuestros estudiantes para que se desempe\u00f1en en trabajos que a\u00fan no existen, en los que tendr\u00e1n que usar tecnolog\u00edas que a\u00fan no han sido inventadas para resolver problemas que a\u00fan no tenemos\u201d Karl Fish En el marco del acuerdo suscrito entre la Instituci\u00f3n Universitaria Pascual Bravo, la Secretar\u00eda de Educaci\u00f3n de [&hellip;]\" \/>\n<meta property=\"og:url\" content=\"https:\/\/educacioncontinua.pascualbravo.edu.co\/?p=4147\" \/>\n<meta property=\"og:site_name\" content=\"Unidad de Educaci\u00f3n Continua - I.U. Pascual Bravo\" \/>\n<meta property=\"article:published_time\" content=\"2022-05-06T20:41:33+00:00\" \/>\n<meta property=\"article:modified_time\" content=\"2022-05-09T20:50:18+00:00\" \/>\n<meta property=\"og:image\" content=\"https:\/\/educacioncontinua.pascualbravo.edu.co\/wp-content\/uploads\/2022\/05\/Certificacion_300x300.jpg\" \/>\n\t<meta property=\"og:image:width\" content=\"301\" \/>\n\t<meta property=\"og:image:height\" content=\"301\" \/>\n\t<meta property=\"og:image:type\" content=\"image\/jpeg\" \/>\n<meta name=\"author\" content=\"admin\" \/>\n<meta name=\"twitter:card\" content=\"summary_large_image\" \/>\n<meta name=\"twitter:label1\" content=\"Escrito por\" \/>\n\t<meta name=\"twitter:data1\" content=\"admin\" \/>\n\t<meta name=\"twitter:label2\" content=\"Tiempo de lectura\" \/>\n\t<meta name=\"twitter:data2\" content=\"3 minutos\" \/>\n<script type=\"application\/ld+json\" class=\"yoast-schema-graph\">{\"@context\":\"https:\/\/schema.org\",\"@graph\":[{\"@type\":\"Article\",\"@id\":\"https:\/\/educacioncontinua.pascualbravo.edu.co\/?p=4147#article\",\"isPartOf\":{\"@id\":\"https:\/\/educacioncontinua.pascualbravo.edu.co\/?p=4147\"},\"author\":{\"name\":\"admin\",\"@id\":\"https:\/\/educacioncontinua.pascualbravo.edu.co\/#\/schema\/person\/63484172ccbecbed3981ac9b3535ae48\"},\"headline\":\"La Unidad de Educaci\u00f3n Continua certific\u00f3 docentes de Medell\u00edn en cursos con enfoque SER+STEM\",\"datePublished\":\"2022-05-06T20:41:33+00:00\",\"dateModified\":\"2022-05-09T20:50:18+00:00\",\"mainEntityOfPage\":{\"@id\":\"https:\/\/educacioncontinua.pascualbravo.edu.co\/?p=4147\"},\"wordCount\":484,\"publisher\":{\"@id\":\"https:\/\/educacioncontinua.pascualbravo.edu.co\/#organization\"},\"image\":{\"@id\":\"https:\/\/educacioncontinua.pascualbravo.edu.co\/?p=4147#primaryimage\"},\"thumbnailUrl\":\"https:\/\/educacioncontinua.pascualbravo.edu.co\/wp-content\/uploads\/2022\/05\/Certificacion_300x300.jpg\",\"articleSection\":[\"Cuarta revoluci\u00f3n\"],\"inLanguage\":\"es-CO\"},{\"@type\":\"WebPage\",\"@id\":\"https:\/\/educacioncontinua.pascualbravo.edu.co\/?p=4147\",\"url\":\"https:\/\/educacioncontinua.pascualbravo.edu.co\/?p=4147\",\"name\":\"La Unidad de Educaci\u00f3n Continua certific\u00f3 docentes de Medell\u00edn en cursos con enfoque SER+STEM - Unidad de Educaci\u00f3n Continua - I.U. Pascual Bravo\",\"isPartOf\":{\"@id\":\"https:\/\/educacioncontinua.pascualbravo.edu.co\/#website\"},\"primaryImageOfPage\":{\"@id\":\"https:\/\/educacioncontinua.pascualbravo.edu.co\/?p=4147#primaryimage\"},\"image\":{\"@id\":\"https:\/\/educacioncontinua.pascualbravo.edu.co\/?p=4147#primaryimage\"},\"thumbnailUrl\":\"https:\/\/educacioncontinua.pascualbravo.edu.co\/wp-content\/uploads\/2022\/05\/Certificacion_300x300.jpg\",\"datePublished\":\"2022-05-06T20:41:33+00:00\",\"dateModified\":\"2022-05-09T20:50:18+00:00\",\"breadcrumb\":{\"@id\":\"https:\/\/educacioncontinua.pascualbravo.edu.co\/?p=4147#breadcrumb\"},\"inLanguage\":\"es-CO\",\"potentialAction\":[{\"@type\":\"ReadAction\",\"target\":[\"https:\/\/educacioncontinua.pascualbravo.edu.co\/?p=4147\"]}]},{\"@type\":\"ImageObject\",\"inLanguage\":\"es-CO\",\"@id\":\"https:\/\/educacioncontinua.pascualbravo.edu.co\/?p=4147#primaryimage\",\"url\":\"https:\/\/educacioncontinua.pascualbravo.edu.co\/wp-content\/uploads\/2022\/05\/Certificacion_300x300.jpg\",\"contentUrl\":\"https:\/\/educacioncontinua.pascualbravo.edu.co\/wp-content\/uploads\/2022\/05\/Certificacion_300x300.jpg\",\"width\":301,\"height\":301},{\"@type\":\"BreadcrumbList\",\"@id\":\"https:\/\/educacioncontinua.pascualbravo.edu.co\/?p=4147#breadcrumb\",\"itemListElement\":[{\"@type\":\"ListItem\",\"position\":1,\"name\":\"Inicio\",\"item\":\"https:\/\/educacioncontinua.pascualbravo.edu.co\/\"},{\"@type\":\"ListItem\",\"position\":2,\"name\":\"La Unidad de Educaci\u00f3n Continua certific\u00f3 docentes de Medell\u00edn en cursos con enfoque SER+STEM\"}]},{\"@type\":\"WebSite\",\"@id\":\"https:\/\/educacioncontinua.pascualbravo.edu.co\/#website\",\"url\":\"https:\/\/educacioncontinua.pascualbravo.edu.co\/\",\"name\":\"Unidad de Educaci\u00f3n Continua - I.U. Pascual Bravo\",\"description\":\"Unidad de Educaci\u00f3n Continua - I.U. Pascual Bravo\",\"publisher\":{\"@id\":\"https:\/\/educacioncontinua.pascualbravo.edu.co\/#organization\"},\"potentialAction\":[{\"@type\":\"SearchAction\",\"target\":{\"@type\":\"EntryPoint\",\"urlTemplate\":\"https:\/\/educacioncontinua.pascualbravo.edu.co\/?s={search_term_string}\"},\"query-input\":\"required name=search_term_string\"}],\"inLanguage\":\"es-CO\"},{\"@type\":\"Organization\",\"@id\":\"https:\/\/educacioncontinua.pascualbravo.edu.co\/#organization\",\"name\":\"Unidad de Educaci\u00f3n Continua - I.U. Pascual Bravo\",\"url\":\"https:\/\/educacioncontinua.pascualbravo.edu.co\/\",\"logo\":{\"@type\":\"ImageObject\",\"inLanguage\":\"es-CO\",\"@id\":\"https:\/\/educacioncontinua.pascualbravo.edu.co\/#\/schema\/logo\/image\/\",\"url\":\"https:\/\/educacioncontinua.pascualbravo.edu.co\/wp-content\/uploads\/2020\/12\/Pascual-Bravo.png\",\"contentUrl\":\"https:\/\/educacioncontinua.pascualbravo.edu.co\/wp-content\/uploads\/2020\/12\/Pascual-Bravo.png\",\"width\":300,\"height\":77,\"caption\":\"Unidad de Educaci\u00f3n Continua - I.U. Pascual Bravo\"},\"image\":{\"@id\":\"https:\/\/educacioncontinua.pascualbravo.edu.co\/#\/schema\/logo\/image\/\"}},{\"@type\":\"Person\",\"@id\":\"https:\/\/educacioncontinua.pascualbravo.edu.co\/#\/schema\/person\/63484172ccbecbed3981ac9b3535ae48\",\"name\":\"admin\",\"image\":{\"@type\":\"ImageObject\",\"inLanguage\":\"es-CO\",\"@id\":\"https:\/\/educacioncontinua.pascualbravo.edu.co\/#\/schema\/person\/image\/\",\"url\":\"https:\/\/secure.gravatar.com\/avatar\/842c0e7caf941b18dcdb87e8cfa0e100?s=96&d=blank&r=g\",\"contentUrl\":\"https:\/\/secure.gravatar.com\/avatar\/842c0e7caf941b18dcdb87e8cfa0e100?s=96&d=blank&r=g\",\"caption\":\"admin\"},\"sameAs\":[\"http:\/\/localhost\/educacion\"],\"url\":\"https:\/\/educacioncontinua.pascualbravo.edu.co\/?author=1\"}]}<\/script>\n<!-- \/ Yoast SEO plugin. -->","yoast_head_json":{"title":"La Unidad de Educaci\u00f3n Continua certific\u00f3 docentes de Medell\u00edn en cursos con enfoque SER+STEM - Unidad de Educaci\u00f3n Continua - I.U. Pascual Bravo","robots":{"index":"index","follow":"follow","max-snippet":"max-snippet:-1","max-image-preview":"max-image-preview:large","max-video-preview":"max-video-preview:-1"},"canonical":"https:\/\/educacioncontinua.pascualbravo.edu.co\/?p=4147","og_locale":"es_ES","og_type":"article","og_title":"La Unidad de Educaci\u00f3n Continua certific\u00f3 docentes de Medell\u00edn en cursos con enfoque SER+STEM - Unidad de Educaci\u00f3n Continua - I.U. Pascual Bravo","og_description":"\u201cActualmente estamos preparando a nuestros estudiantes para que se desempe\u00f1en en trabajos que a\u00fan no existen, en los que tendr\u00e1n que usar tecnolog\u00edas que a\u00fan no han sido inventadas para resolver problemas que a\u00fan no tenemos\u201d Karl Fish En el marco del acuerdo suscrito entre la Instituci\u00f3n Universitaria Pascual Bravo, la Secretar\u00eda de Educaci\u00f3n de [&hellip;]","og_url":"https:\/\/educacioncontinua.pascualbravo.edu.co\/?p=4147","og_site_name":"Unidad de Educaci\u00f3n Continua - I.U. Pascual Bravo","article_published_time":"2022-05-06T20:41:33+00:00","article_modified_time":"2022-05-09T20:50:18+00:00","og_image":[{"width":301,"height":301,"url":"https:\/\/educacioncontinua.pascualbravo.edu.co\/wp-content\/uploads\/2022\/05\/Certificacion_300x300.jpg","type":"image\/jpeg"}],"author":"admin","twitter_card":"summary_large_image","twitter_misc":{"Escrito por":"admin","Tiempo de lectura":"3 minutos"},"schema":{"@context":"https:\/\/schema.org","@graph":[{"@type":"Article","@id":"https:\/\/educacioncontinua.pascualbravo.edu.co\/?p=4147#article","isPartOf":{"@id":"https:\/\/educacioncontinua.pascualbravo.edu.co\/?p=4147"},"author":{"name":"admin","@id":"https:\/\/educacioncontinua.pascualbravo.edu.co\/#\/schema\/person\/63484172ccbecbed3981ac9b3535ae48"},"headline":"La Unidad de Educaci\u00f3n Continua certific\u00f3 docentes de Medell\u00edn en cursos con enfoque SER+STEM","datePublished":"2022-05-06T20:41:33+00:00","dateModified":"2022-05-09T20:50:18+00:00","mainEntityOfPage":{"@id":"https:\/\/educacioncontinua.pascualbravo.edu.co\/?p=4147"},"wordCount":484,"publisher":{"@id":"https:\/\/educacioncontinua.pascualbravo.edu.co\/#organization"},"image":{"@id":"https:\/\/educacioncontinua.pascualbravo.edu.co\/?p=4147#primaryimage"},"thumbnailUrl":"https:\/\/educacioncontinua.pascualbravo.edu.co\/wp-content\/uploads\/2022\/05\/Certificacion_300x300.jpg","articleSection":["Cuarta revoluci\u00f3n"],"inLanguage":"es-CO"},{"@type":"WebPage","@id":"https:\/\/educacioncontinua.pascualbravo.edu.co\/?p=4147","url":"https:\/\/educacioncontinua.pascualbravo.edu.co\/?p=4147","name":"La Unidad de Educaci\u00f3n Continua certific\u00f3 docentes de Medell\u00edn en cursos con enfoque SER+STEM - Unidad de Educaci\u00f3n Continua - I.U. Pascual Bravo","isPartOf":{"@id":"https:\/\/educacioncontinua.pascualbravo.edu.co\/#website"},"primaryImageOfPage":{"@id":"https:\/\/educacioncontinua.pascualbravo.edu.co\/?p=4147#primaryimage"},"image":{"@id":"https:\/\/educacioncontinua.pascualbravo.edu.co\/?p=4147#primaryimage"},"thumbnailUrl":"https:\/\/educacioncontinua.pascualbravo.edu.co\/wp-content\/uploads\/2022\/05\/Certificacion_300x300.jpg","datePublished":"2022-05-06T20:41:33+00:00","dateModified":"2022-05-09T20:50:18+00:00","breadcrumb":{"@id":"https:\/\/educacioncontinua.pascualbravo.edu.co\/?p=4147#breadcrumb"},"inLanguage":"es-CO","potentialAction":[{"@type":"ReadAction","target":["https:\/\/educacioncontinua.pascualbravo.edu.co\/?p=4147"]}]},{"@type":"ImageObject","inLanguage":"es-CO","@id":"https:\/\/educacioncontinua.pascualbravo.edu.co\/?p=4147#primaryimage","url":"https:\/\/educacioncontinua.pascualbravo.edu.co\/wp-content\/uploads\/2022\/05\/Certificacion_300x300.jpg","contentUrl":"https:\/\/educacioncontinua.pascualbravo.edu.co\/wp-content\/uploads\/2022\/05\/Certificacion_300x300.jpg","width":301,"height":301},{"@type":"BreadcrumbList","@id":"https:\/\/educacioncontinua.pascualbravo.edu.co\/?p=4147#breadcrumb","itemListElement":[{"@type":"ListItem","position":1,"name":"Inicio","item":"https:\/\/educacioncontinua.pascualbravo.edu.co\/"},{"@type":"ListItem","position":2,"name":"La Unidad de Educaci\u00f3n Continua certific\u00f3 docentes de Medell\u00edn en cursos con enfoque SER+STEM"}]},{"@type":"WebSite","@id":"https:\/\/educacioncontinua.pascualbravo.edu.co\/#website","url":"https:\/\/educacioncontinua.pascualbravo.edu.co\/","name":"Unidad de Educaci\u00f3n Continua - I.U. Pascual Bravo","description":"Unidad de Educaci\u00f3n Continua - I.U. Pascual Bravo","publisher":{"@id":"https:\/\/educacioncontinua.pascualbravo.edu.co\/#organization"},"potentialAction":[{"@type":"SearchAction","target":{"@type":"EntryPoint","urlTemplate":"https:\/\/educacioncontinua.pascualbravo.edu.co\/?s={search_term_string}"},"query-input":"required name=search_term_string"}],"inLanguage":"es-CO"},{"@type":"Organization","@id":"https:\/\/educacioncontinua.pascualbravo.edu.co\/#organization","name":"Unidad de Educaci\u00f3n Continua - I.U. Pascual Bravo","url":"https:\/\/educacioncontinua.pascualbravo.edu.co\/","logo":{"@type":"ImageObject","inLanguage":"es-CO","@id":"https:\/\/educacioncontinua.pascualbravo.edu.co\/#\/schema\/logo\/image\/","url":"https:\/\/educacioncontinua.pascualbravo.edu.co\/wp-content\/uploads\/2020\/12\/Pascual-Bravo.png","contentUrl":"https:\/\/educacioncontinua.pascualbravo.edu.co\/wp-content\/uploads\/2020\/12\/Pascual-Bravo.png","width":300,"height":77,"caption":"Unidad de Educaci\u00f3n Continua - I.U. Pascual Bravo"},"image":{"@id":"https:\/\/educacioncontinua.pascualbravo.edu.co\/#\/schema\/logo\/image\/"}},{"@type":"Person","@id":"https:\/\/educacioncontinua.pascualbravo.edu.co\/#\/schema\/person\/63484172ccbecbed3981ac9b3535ae48","name":"admin","image":{"@type":"ImageObject","inLanguage":"es-CO","@id":"https:\/\/educacioncontinua.pascualbravo.edu.co\/#\/schema\/person\/image\/","url":"https:\/\/secure.gravatar.com\/avatar\/842c0e7caf941b18dcdb87e8cfa0e100?s=96&d=blank&r=g","contentUrl":"https:\/\/secure.gravatar.com\/avatar\/842c0e7caf941b18dcdb87e8cfa0e100?s=96&d=blank&r=g","caption":"admin"},"sameAs":["http:\/\/localhost\/educacion"],"url":"https:\/\/educacioncontinua.pascualbravo.edu.co\/?author=1"}]}},"_links":{"self":[{"href":"https:\/\/educacioncontinua.pascualbravo.edu.co\/index.php?rest_route=\/wp\/v2\/posts\/4147"}],"collection":[{"href":"https:\/\/educacioncontinua.pascualbravo.edu.co\/index.php?rest_route=\/wp\/v2\/posts"}],"about":[{"href":"https:\/\/educacioncontinua.pascualbravo.edu.co\/index.php?rest_route=\/wp\/v2\/types\/post"}],"author":[{"embeddable":true,"href":"https:\/\/educacioncontinua.pascualbravo.edu.co\/index.php?rest_route=\/wp\/v2\/users\/1"}],"replies":[{"embeddable":true,"href":"https:\/\/educacioncontinua.pascualbravo.edu.co\/index.php?rest_route=%2Fwp%2Fv2%2Fcomments&post=4147"}],"version-history":[{"count":0,"href":"https:\/\/educacioncontinua.pascualbravo.edu.co\/index.php?rest_route=\/wp\/v2\/posts\/4147\/revisions"}],"wp:featuredmedia":[{"embeddable":true,"href":"https:\/\/educacioncontinua.pascualbravo.edu.co\/index.php?rest_route=\/wp\/v2\/media\/4312"}],"wp:attachment":[{"href":"https:\/\/educacioncontinua.pascualbravo.edu.co\/index.php?rest_route=%2Fwp%2Fv2%2Fmedia&parent=4147"}],"wp:term":[{"taxonomy":"category","embeddable":true,"href":"https:\/\/educacioncontinua.pascualbravo.edu.co\/index.php?rest_route=%2Fwp%2Fv2%2Fcategories&post=4147"},{"taxonomy":"post_tag","embeddable":true,"href":"https:\/\/educacioncontinua.pascualbravo.edu.co\/index.php?rest_route=%2Fwp%2Fv2%2Ftags&post=4147"}],"curies":[{"name":"wp","href":"https:\/\/api.w.org\/{rel}","templated":true}]}}